{"id":410,"date":"2016-09-11T12:23:30","date_gmt":"2016-09-11T10:23:30","guid":{"rendered":"https:\/\/www.sie-sucht-sie.de\/magazin\/?p=410"},"modified":"2020-12-01T16:38:14","modified_gmt":"2020-12-01T15:38:14","slug":"kontaktanzeige-erakeyana","status":"publish","type":"post","link":"https:\/\/www.sie-sucht-sie.de\/magazin\/kontaktanzeige-erakeyana\/","title":{"rendered":"Kontaktanzeige Erakeyana"},"content":{"rendered":"<h2>Zusammenfassung<\/h2>\n\t        <ul class=\"positiv\">\n            <li><strong>Name \/ Alter:<\/strong> Erakeyana (16 Jahre) <\/li>\n            <li><strong>Kurzfassung:<\/strong> Erakeyana aus der N\u00e4he von Dortmund sucht eine Partnerin<\/li>\n            <li><strong>Ich suche in:<\/strong> Dortmund und Umgebung<\/li>\n            <li><strong>Aktualit\u00e4t:<\/strong> \u00e4lter als 1 Jahr<\/li>\n\t\t\t<\/ul>\n            <a title=\"Kostenlos anmelden\" href=\"https:\/\/www.sie-sucht-sie.de\/?AID=magazin\"><img decoding=\"async\" width=\"468px\" height=\"60px\" alt=\"Frauen kennenlernen\" src=\"https:\/\/www.sie-sucht-sie.de\/magazin\/wp-content\/uploads\/2020\/03\/sie-sucht-sie-468x60-1.gif\"\/><\/a><br\/>\n<h2>Kontaktanzeige<\/h2>\n<div class=\"moz-text-plain\" lang=\"x-unicode\">\n<p>Hallo, ihr lieben M\u00e4dels. ^^<br \/>\nGibt es denn J\u00fcngere unter euch da drau\u00dfen?<br \/>\nIch selber bin 15 Jahre alt und werde n\u00e4chsten M\u00e4rz 16. Und obwohl Ich noch recht Jung bin, wei\u00df ich schon lange, dass f\u00fcr mich nur Frauen Mein Herz h\u00f6her schlagen lassen.<br \/>\nUnd nun zu mir : Ich bin im Abschlussjahrgang einer Realschule und wohne bei Dortmund in NRW. Ich bin sehr romantisch und auch schon immer eine Besch\u00fctzerin gewesen. Liegt wahrscheinlich auch daran, dass bisher alle immer kleiner waren als Ich. Ich bin 1.70 m gro\u00df und habe schwarze Haare, sowie gr\u00fcne Augen.<br \/>\nMit meiner Partnerin w\u00fcrde Ich liebend gerne Hand in Hand spazieren gehen, die Sterne anschauen und lange kuscheln.<\/p>\n<p>F\u00fchlt sich Vielleicht jemand angesprochen? W\u00fcrde mich sehr freuen. *.*<\/p>\n<p><a class=\"btn btn-default\" href=\"https:\/\/www.facebook.com\/desideriacolleen.maul?ref=ts&#038;fref=ts\" rel=\"nofollow\">Erakeyana kontaktieren<\/a>\n<\/div>\n","protected":false},"excerpt":{"rendered":"<p>Kontaktanzeige Hallo, ihr lieben M\u00e4dels. ^^ Gibt es denn J\u00fcngere unter euch da drau\u00dfen? Ich selber bin 15 Jahre alt und werde n\u00e4chsten M\u00e4rz 16. Und obwohl Ich noch recht<\/p>\n","protected":false},"author":1,"featured_media":1754,"comment_status":"closed","ping_status":"open","sticky":false,"template":"","format":"standard","meta":{"ngg_post_thumbnail":0,"footnotes":""},"categories":[13],"tags":[78,85],"class_list":["post-410","post","type-post","status-publish","format-standard","has-post-thumbnail","hentry","category-kontaktanzeigen","tag-kontaktanzeigen-dortmund","tag-kontaktanzeigen-nordrhein-westfalen","comments-off"],"aioseo_notices":[],"_links":{"self":[{"href":"https:\/\/www.sie-sucht-sie.de\/magazin\/wp-json\/wp\/v2\/posts\/410","targetHints":{"allow":["GET"]}}],"collection":[{"href":"https:\/\/www.sie-sucht-sie.de\/magazin\/wp-json\/wp\/v2\/posts"}],"about":[{"href":"https:\/\/www.sie-sucht-sie.de\/magazin\/wp-json\/wp\/v2\/types\/post"}],"author":[{"embeddable":true,"href":"https:\/\/www.sie-sucht-sie.de\/magazin\/wp-json\/wp\/v2\/users\/1"}],"replies":[{"embeddable":true,"href":"https:\/\/www.sie-sucht-sie.de\/magazin\/wp-json\/wp\/v2\/comments?post=410"}],"version-history":[{"count":4,"href":"https:\/\/www.sie-sucht-sie.de\/magazin\/wp-json\/wp\/v2\/posts\/410\/revisions"}],"predecessor-version":[{"id":3377,"href":"https:\/\/www.sie-sucht-sie.de\/magazin\/wp-json\/wp\/v2\/posts\/410\/revisions\/3377"}],"wp:featuredmedia":[{"embeddable":true,"href":"https:\/\/www.sie-sucht-sie.de\/magazin\/wp-json\/wp\/v2\/media\/1754"}],"wp:attachment":[{"href":"https:\/\/www.sie-sucht-sie.de\/magazin\/wp-json\/wp\/v2\/media?parent=410"}],"wp:term":[{"taxonomy":"category","embeddable":true,"href":"https:\/\/www.sie-sucht-sie.de\/magazin\/wp-json\/wp\/v2\/categories?post=410"},{"taxonomy":"post_tag","embeddable":true,"href":"https:\/\/www.sie-sucht-sie.de\/magazin\/wp-json\/wp\/v2\/tags?post=410"}],"curies":[{"name":"wp","href":"https:\/\/api.w.org\/{rel}","templated":true}]}}