{"id":1608,"date":"2017-08-10T16:55:34","date_gmt":"2017-08-10T14:55:34","guid":{"rendered":"https:\/\/www.sie-sucht-sie.de\/magazin\/?p=1608"},"modified":"2020-11-29T16:54:58","modified_gmt":"2020-11-29T15:54:58","slug":"daniela-20-jahre-aus-dueren","status":"publish","type":"post","link":"https:\/\/www.sie-sucht-sie.de\/magazin\/daniela-20-jahre-aus-dueren\/","title":{"rendered":"Daniela 20 Jahre aus D\u00fcren"},"content":{"rendered":"<h2>Zusammenfassung<\/h2>\n\t        <ul class=\"positiv\">\n            <li><strong>Name \/ Alter:<\/strong> Daniela (20 Jahre)<\/li>\n            <li><strong>Kurzfassung:<\/strong> Single 20 Jahre sucht feminine Partnerin<\/li>\n            <li><strong>Ich suche in:<\/strong> D\u00fcren und deutschlandweit<\/li>\n            <li><strong>Aktualit\u00e4t:<\/strong> \u00e4lter als 1 Jahr<\/li>\n\t\t\t<\/ul>\n            <a title=\"Kostenlos anmelden\" href=\"https:\/\/www.sie-sucht-sie.de\/?AID=magazin\"><img decoding=\"async\" width=\"468px\" height=\"60px\" alt=\"Frauen kennenlernen\" src=\"https:\/\/www.sie-sucht-sie.de\/magazin\/wp-content\/uploads\/2020\/03\/sie-sucht-sie-468x60-1.gif\"\/><\/a><br\/>\n<h2>Kontaktanzeige<\/h2>\n<p>So jetzt stelle ich mich auch mal vor &#x1f642; ich hei\u00dfe Daniela bin 20 Jahre alt und komme aus D\u00fcren und bin Single. In meiner Freizeit h\u00f6re ich gerne Musik und gehe gerne Feiern und unternehme viel mit meinen Freunden. Ich bevorzuge eher feminine Frauen &#x1f642; Entfernung spielt f\u00fcr mich auch keine Rolle. Du solltest humorvoll sein und verr\u00fcckt denn das bin ich auch. Wenn du mich kennen lernen willst  kannst du unter Kommentare auf mein Profil gehen und mich anschreiben &#x1f642;<\/p>\n<p><a class=\"btn btn-default\" href=\"https:\/\/www.facebook.com\/daniela.kanitz\" rel=\"nofollow\">Daniela kontaktieren<\/a><\/p>\n<hr\/>\n<p><a href=\"https:\/\/www.sie-sucht-sie.de\/?AID=magazin\">Registrieren | sie-sucht-sie.de<\/a><\/p>\n","protected":false},"excerpt":{"rendered":"<p>Kontaktanzeige So jetzt stelle ich mich auch mal vor &#x1f642; ich hei\u00dfe Daniela bin 20 Jahre alt und komme aus D\u00fcren und bin Single. In meiner Freizeit h\u00f6re ich gerne<\/p>\n","protected":false},"author":1,"featured_media":1609,"comment_status":"closed","ping_status":"open","sticky":false,"template":"","format":"standard","meta":{"ngg_post_thumbnail":0,"footnotes":""},"categories":[13],"tags":[22,85],"class_list":["post-1608","post","type-post","status-publish","format-standard","has-post-thumbnail","hentry","category-kontaktanzeigen","tag-kontaktanzeigen-dueren","tag-kontaktanzeigen-nordrhein-westfalen","comments-off"],"aioseo_notices":[],"_links":{"self":[{"href":"https:\/\/www.sie-sucht-sie.de\/magazin\/wp-json\/wp\/v2\/posts\/1608","targetHints":{"allow":["GET"]}}],"collection":[{"href":"https:\/\/www.sie-sucht-sie.de\/magazin\/wp-json\/wp\/v2\/posts"}],"about":[{"href":"https:\/\/www.sie-sucht-sie.de\/magazin\/wp-json\/wp\/v2\/types\/post"}],"author":[{"embeddable":true,"href":"https:\/\/www.sie-sucht-sie.de\/magazin\/wp-json\/wp\/v2\/users\/1"}],"replies":[{"embeddable":true,"href":"https:\/\/www.sie-sucht-sie.de\/magazin\/wp-json\/wp\/v2\/comments?post=1608"}],"version-history":[{"count":5,"href":"https:\/\/www.sie-sucht-sie.de\/magazin\/wp-json\/wp\/v2\/posts\/1608\/revisions"}],"predecessor-version":[{"id":2877,"href":"https:\/\/www.sie-sucht-sie.de\/magazin\/wp-json\/wp\/v2\/posts\/1608\/revisions\/2877"}],"wp:featuredmedia":[{"embeddable":true,"href":"https:\/\/www.sie-sucht-sie.de\/magazin\/wp-json\/wp\/v2\/media\/1609"}],"wp:attachment":[{"href":"https:\/\/www.sie-sucht-sie.de\/magazin\/wp-json\/wp\/v2\/media?parent=1608"}],"wp:term":[{"taxonomy":"category","embeddable":true,"href":"https:\/\/www.sie-sucht-sie.de\/magazin\/wp-json\/wp\/v2\/categories?post=1608"},{"taxonomy":"post_tag","embeddable":true,"href":"https:\/\/www.sie-sucht-sie.de\/magazin\/wp-json\/wp\/v2\/tags?post=1608"}],"curies":[{"name":"wp","href":"https:\/\/api.w.org\/{rel}","templated":true}]}}