{"id":1541,"date":"2017-08-04T09:36:19","date_gmt":"2017-08-04T07:36:19","guid":{"rendered":"https:\/\/www.sie-sucht-sie.de\/magazin\/?p=1541"},"modified":"2020-12-03T17:38:46","modified_gmt":"2020-12-03T16:38:46","slug":"sabrina-28-jahre-aus-lueneburg","status":"publish","type":"post","link":"https:\/\/www.sie-sucht-sie.de\/magazin\/sabrina-28-jahre-aus-lueneburg\/","title":{"rendered":"Sabrina 28 Jahre aus L\u00fcneburg."},"content":{"rendered":"<h2>Zusammenfassung<\/h2>\n\t        <ul class=\"positiv\">\n            <li><strong>Name \/ Alter:<\/strong> Sabrina (28 Jahre)<\/li>\n            <li><strong>Kurzfassung:<\/strong> Single aus L\u00fcneburg sucht neue Kontakte<\/li>\n            <li><strong>Ich suche in:<\/strong> L\u00fcneburg und Umgebung<\/li>\n            <li><strong>Aktualit\u00e4t:<\/strong> \u00e4lter als 1 Jahr<\/li>\n\t\t\t<\/ul>\n            <a title=\"Kostenlos anmelden\" href=\"https:\/\/www.sie-sucht-sie.de\/?AID=magazin\"><img decoding=\"async\" width=\"468px\" height=\"60px\" alt=\"Frauen kennenlernen\" src=\"https:\/\/www.sie-sucht-sie.de\/magazin\/wp-content\/uploads\/2020\/03\/sie-sucht-sie-468x60-1.gif\"\/><\/a><br\/>\n<h2>Kontaktanzeige<\/h2>\n<p>Ich w\u00fcrde mich gerne einmal vorstellen. Ich hei\u00dfe Sabrina, 28 und komme aus L\u00fcneburg.<br \/>\nBin Single und noch sehr unerfahren was Beziehung mit Frauen angeht. Weil das ist f\u00fcr mich noch alles Neuland.<br \/>\nIch bin sowas von Sch\u00fcchtern. Und habe daher Probleme Menschen anzusprechen. Und ich habe eine Pers\u00f6nlichkeitsst\u00f6rung vom Borderline Typ. Habe daher das Problem, das ich immer wieder vergraule, die ich gerne habe. Obwohl ich es eigentlich nicht m\u00f6chte. Tue es aber trotzdem von meiner Krankheit her automatisch. Aber ich bin trotzdem sehr Warmherzig, Launisch, Verr\u00fcckt. Kann sehr Ernsthaft sein aber auch Kindisch.<br \/>\nIch suche Leute zum Quatschen und was sich dann so ergibtI<br \/>\nW\u00fcrde mich \u00fcber Eure Kommentare freuen.<\/p>\n<p><a class=\"btn btn-default\" href=\"https:\/\/www.facebook.com\/siesuchtsiede\/posts\/503278540003847\" rel=\"nofollow\">Beitrag kommentieren<\/a><\/p>\n<hr \/>\n<p><a href=\"https:\/\/www.sie-sucht-sie.de\/?AID=magazin\">Registrieren | sie-sucht-sie.de<\/a><\/p>\n","protected":false},"excerpt":{"rendered":"<p>Kontaktanzeige Ich w\u00fcrde mich gerne einmal vorstellen. Ich hei\u00dfe Sabrina, 28 und komme aus L\u00fcneburg. Bin Single und noch sehr unerfahren was Beziehung mit Frauen angeht. Weil das ist f\u00fcr<\/p>\n","protected":false},"author":1,"featured_media":1754,"comment_status":"closed","ping_status":"open","sticky":false,"template":"","format":"standard","meta":{"ngg_post_thumbnail":0,"footnotes":""},"categories":[13],"tags":[224,88],"class_list":["post-1541","post","type-post","status-publish","format-standard","has-post-thumbnail","hentry","category-kontaktanzeigen","tag-kontaktanzeigen-lueneburg","tag-kontaktanzeigen-niedersachsen","comments-off"],"aioseo_notices":[],"_links":{"self":[{"href":"https:\/\/www.sie-sucht-sie.de\/magazin\/wp-json\/wp\/v2\/posts\/1541","targetHints":{"allow":["GET"]}}],"collection":[{"href":"https:\/\/www.sie-sucht-sie.de\/magazin\/wp-json\/wp\/v2\/posts"}],"about":[{"href":"https:\/\/www.sie-sucht-sie.de\/magazin\/wp-json\/wp\/v2\/types\/post"}],"author":[{"embeddable":true,"href":"https:\/\/www.sie-sucht-sie.de\/magazin\/wp-json\/wp\/v2\/users\/1"}],"replies":[{"embeddable":true,"href":"https:\/\/www.sie-sucht-sie.de\/magazin\/wp-json\/wp\/v2\/comments?post=1541"}],"version-history":[{"count":4,"href":"https:\/\/www.sie-sucht-sie.de\/magazin\/wp-json\/wp\/v2\/posts\/1541\/revisions"}],"predecessor-version":[{"id":2910,"href":"https:\/\/www.sie-sucht-sie.de\/magazin\/wp-json\/wp\/v2\/posts\/1541\/revisions\/2910"}],"wp:featuredmedia":[{"embeddable":true,"href":"https:\/\/www.sie-sucht-sie.de\/magazin\/wp-json\/wp\/v2\/media\/1754"}],"wp:attachment":[{"href":"https:\/\/www.sie-sucht-sie.de\/magazin\/wp-json\/wp\/v2\/media?parent=1541"}],"wp:term":[{"taxonomy":"category","embeddable":true,"href":"https:\/\/www.sie-sucht-sie.de\/magazin\/wp-json\/wp\/v2\/categories?post=1541"},{"taxonomy":"post_tag","embeddable":true,"href":"https:\/\/www.sie-sucht-sie.de\/magazin\/wp-json\/wp\/v2\/tags?post=1541"}],"curies":[{"name":"wp","href":"https:\/\/api.w.org\/{rel}","templated":true}]}}