{"id":1512,"date":"2017-08-02T12:38:31","date_gmt":"2017-08-02T10:38:31","guid":{"rendered":"https:\/\/www.sie-sucht-sie.de\/magazin\/?p=1512"},"modified":"2020-03-18T20:34:55","modified_gmt":"2020-03-18T19:34:55","slug":"28-jaehrige-aus-bayern","status":"publish","type":"post","link":"https:\/\/www.sie-sucht-sie.de\/magazin\/28-jaehrige-aus-bayern\/","title":{"rendered":"28 j\u00e4hrige aus Bayern."},"content":{"rendered":"<h2>Zusammenfassung<\/h2>\n\t        <ul class=\"positiv\">\n            <li><strong>Name \/ Alter:<\/strong> Anonym (28 Jahre)<\/li>\n            <li><strong>Kurzfassung:<\/strong> j\u00e4hrige aus Bayern sucht eine Frau<\/li>\n            <li><strong>Ich suche in:<\/strong> Bayern und Umgebung<\/li>\n            <li><strong>Aktualit\u00e4t:<\/strong> \u00e4lter als 1 Jahr<\/li>\n\t\t\t<\/ul>\n            <a title=\"Kostenlos anmelden\" href=\"https:\/\/www.sie-sucht-sie.de\/?AID=magazin\"><img decoding=\"async\" width=\"468px\" height=\"60px\" alt=\"Frauen kennenlernen\" src=\"https:\/\/www.sie-sucht-sie.de\/magazin\/wp-content\/uploads\/2020\/03\/sie-sucht-sie-468x60-1.gif\"\/><\/a><br\/>\n<h2>Kontaktanzeige<\/h2>\n<p>Hallo<br \/>\nIch w\u00fcrde gerne mein Leben mit einer Frau teilen.<br \/>\nDie spontan ist und sich gerne verw\u00f6hnen l\u00e4sst. Die die Natur genauso gerne mag wie ich aber auch viel wert auf Zweisamkeit legt und gerne kuschelt.<br \/>\nIch bin 28 Jahre jung, steht zumindest auf meinem Ausweis. Bin f\u00fcr jeden Spa\u00df zu haben &#x1f60e;.<br \/>\nKomm aus Bayern.<\/p>\n<p><a class=\"btn btn-default\" href=\"https:\/\/www.facebook.com\/siesuchtsiede\/posts\/502483323416702\" rel=\"nofollow\">Beitrag kommentieren<\/a><\/p>\n<hr\/>\n<p><a href=\"https:\/\/www.sie-sucht-sie.de\/?AID=magazin\">Registrieren | sie-sucht-sie.de<\/a><\/p>\n","protected":false},"excerpt":{"rendered":"<p>Kontaktanzeige Hallo Ich w\u00fcrde gerne mein Leben mit einer Frau teilen. Die spontan ist und sich gerne verw\u00f6hnen l\u00e4sst. Die die Natur genauso gerne mag wie ich aber auch viel<\/p>\n","protected":false},"author":1,"featured_media":1754,"comment_status":"closed","ping_status":"open","sticky":false,"template":"","format":"standard","meta":{"ngg_post_thumbnail":0,"footnotes":""},"categories":[13],"tags":[93],"class_list":["post-1512","post","type-post","status-publish","format-standard","has-post-thumbnail","hentry","category-kontaktanzeigen","tag-kontaktanzeigen-bayern","comments-off"],"aioseo_notices":[],"_links":{"self":[{"href":"https:\/\/www.sie-sucht-sie.de\/magazin\/wp-json\/wp\/v2\/posts\/1512","targetHints":{"allow":["GET"]}}],"collection":[{"href":"https:\/\/www.sie-sucht-sie.de\/magazin\/wp-json\/wp\/v2\/posts"}],"about":[{"href":"https:\/\/www.sie-sucht-sie.de\/magazin\/wp-json\/wp\/v2\/types\/post"}],"author":[{"embeddable":true,"href":"https:\/\/www.sie-sucht-sie.de\/magazin\/wp-json\/wp\/v2\/users\/1"}],"replies":[{"embeddable":true,"href":"https:\/\/www.sie-sucht-sie.de\/magazin\/wp-json\/wp\/v2\/comments?post=1512"}],"version-history":[{"count":4,"href":"https:\/\/www.sie-sucht-sie.de\/magazin\/wp-json\/wp\/v2\/posts\/1512\/revisions"}],"predecessor-version":[{"id":2914,"href":"https:\/\/www.sie-sucht-sie.de\/magazin\/wp-json\/wp\/v2\/posts\/1512\/revisions\/2914"}],"wp:featuredmedia":[{"embeddable":true,"href":"https:\/\/www.sie-sucht-sie.de\/magazin\/wp-json\/wp\/v2\/media\/1754"}],"wp:attachment":[{"href":"https:\/\/www.sie-sucht-sie.de\/magazin\/wp-json\/wp\/v2\/media?parent=1512"}],"wp:term":[{"taxonomy":"category","embeddable":true,"href":"https:\/\/www.sie-sucht-sie.de\/magazin\/wp-json\/wp\/v2\/categories?post=1512"},{"taxonomy":"post_tag","embeddable":true,"href":"https:\/\/www.sie-sucht-sie.de\/magazin\/wp-json\/wp\/v2\/tags?post=1512"}],"curies":[{"name":"wp","href":"https:\/\/api.w.org\/{rel}","templated":true}]}}