{"id":1180,"date":"2017-07-15T11:11:57","date_gmt":"2017-07-15T09:11:57","guid":{"rendered":"https:\/\/www.sie-sucht-sie.de\/magazin\/?p=1180"},"modified":"2020-12-01T16:19:43","modified_gmt":"2020-12-01T15:19:43","slug":"26-jaehrige-aus-stuttgart","status":"publish","type":"post","link":"https:\/\/www.sie-sucht-sie.de\/magazin\/26-jaehrige-aus-stuttgart\/","title":{"rendered":"26 j\u00e4hrige aus Stuttgart."},"content":{"rendered":"<h2>Zusammenfassung<\/h2>\n\t        <ul class=\"positiv\">\n            <li><strong>Name \/ Alter:<\/strong> Anonym (26 Jahre)<\/li>\n            <li><strong>Kurzfassung:<\/strong> 26 j\u00e4hrige aus Stuttgart sucht feminine M\u00e4dels f\u00fcr neue Erfahrungen<\/li>\n            <li><strong>Ich suche in:<\/strong> Stuttgart und Umgebung<\/li>\n            <li><strong>Aktualit\u00e4t:<\/strong> \u00e4lter als 1 Jahr<\/li>\n\t\t\t<\/ul>\n            <a title=\"Kostenlos anmelden\" href=\"https:\/\/www.sie-sucht-sie.de\/?AID=magazin\"><img decoding=\"async\" width=\"468px\" height=\"60px\" alt=\"Frauen kennenlernen\" src=\"https:\/\/www.sie-sucht-sie.de\/magazin\/wp-content\/uploads\/2020\/03\/sie-sucht-sie-468x60-1.gif\"\/><\/a><br\/>\n<h2>Kontaktanzeige<\/h2>\n<p>Hallo ihr lieben ,<br \/>\nKomme aus Stuttgart bin 26 ,weiblich , Curvy , sehr gepflegt, habe lange braune Haare und braune Augen . M\u00f6chte ein paar Erfahrungen sammeln , da ich aus der Heterowelt komme &#x1f609; &#8230; gibt es ebenfalls feminine M\u00e4dels aus Stuttgart und Umgebung die Interesse daran haben ? Lasst einfach ein like oder ein kommi da. Werde euch anschreiben .<\/p>\n<p><a class=\"btn btn-default\" href=\"https:\/\/www.facebook.com\/siesuchtsiede\/posts\/493865767611791\" rel=\"nofollow\">Beitrag kommentieren<\/a><\/p>\n","protected":false},"excerpt":{"rendered":"<p>Kontaktanzeige Hallo ihr lieben , Komme aus Stuttgart bin 26 ,weiblich , Curvy , sehr gepflegt, habe lange braune Haare und braune Augen . M\u00f6chte ein paar Erfahrungen sammeln ,<\/p>\n","protected":false},"author":1,"featured_media":1754,"comment_status":"closed","ping_status":"open","sticky":false,"template":"","format":"standard","meta":{"ngg_post_thumbnail":0,"footnotes":""},"categories":[13],"tags":[90,129],"class_list":["post-1180","post","type-post","status-publish","format-standard","has-post-thumbnail","hentry","category-kontaktanzeigen","tag-kontaktanzeigen-baden-wuerttemberg","tag-kontaktanzeigen-stuttgart","comments-off"],"aioseo_notices":[],"_links":{"self":[{"href":"https:\/\/www.sie-sucht-sie.de\/magazin\/wp-json\/wp\/v2\/posts\/1180","targetHints":{"allow":["GET"]}}],"collection":[{"href":"https:\/\/www.sie-sucht-sie.de\/magazin\/wp-json\/wp\/v2\/posts"}],"about":[{"href":"https:\/\/www.sie-sucht-sie.de\/magazin\/wp-json\/wp\/v2\/types\/post"}],"author":[{"embeddable":true,"href":"https:\/\/www.sie-sucht-sie.de\/magazin\/wp-json\/wp\/v2\/users\/1"}],"replies":[{"embeddable":true,"href":"https:\/\/www.sie-sucht-sie.de\/magazin\/wp-json\/wp\/v2\/comments?post=1180"}],"version-history":[{"count":4,"href":"https:\/\/www.sie-sucht-sie.de\/magazin\/wp-json\/wp\/v2\/posts\/1180\/revisions"}],"predecessor-version":[{"id":3100,"href":"https:\/\/www.sie-sucht-sie.de\/magazin\/wp-json\/wp\/v2\/posts\/1180\/revisions\/3100"}],"wp:featuredmedia":[{"embeddable":true,"href":"https:\/\/www.sie-sucht-sie.de\/magazin\/wp-json\/wp\/v2\/media\/1754"}],"wp:attachment":[{"href":"https:\/\/www.sie-sucht-sie.de\/magazin\/wp-json\/wp\/v2\/media?parent=1180"}],"wp:term":[{"taxonomy":"category","embeddable":true,"href":"https:\/\/www.sie-sucht-sie.de\/magazin\/wp-json\/wp\/v2\/categories?post=1180"},{"taxonomy":"post_tag","embeddable":true,"href":"https:\/\/www.sie-sucht-sie.de\/magazin\/wp-json\/wp\/v2\/tags?post=1180"}],"curies":[{"name":"wp","href":"https:\/\/api.w.org\/{rel}","templated":true}]}}