{"id":1120,"date":"2017-07-13T15:30:11","date_gmt":"2017-07-13T13:30:11","guid":{"rendered":"https:\/\/www.sie-sucht-sie.de\/magazin\/?p=1120"},"modified":"2020-12-01T16:21:31","modified_gmt":"2020-12-01T15:21:31","slug":"29-jaehrige-aus-der-schweiz-wuerde-gern-neue-leute-kennenlernen","status":"publish","type":"post","link":"https:\/\/www.sie-sucht-sie.de\/magazin\/29-jaehrige-aus-der-schweiz-wuerde-gern-neue-leute-kennenlernen\/","title":{"rendered":"29 j\u00e4hrige aus der Schweiz w\u00fcrde gern neue Leute kennenlernen."},"content":{"rendered":"<h2>Zusammenfassung<\/h2>\n\t        <ul class=\"positiv\">\n            <li><strong>Name \/ Alter:<\/strong> Anonym (29 Jahre)<\/li>\n            <li><strong>Kurzfassung:<\/strong> 29 j\u00e4hrige tierliebe Schweizerin sucht neue Bekanntschaften<\/li>\n            <li><strong>Ich suche in:<\/strong> Raum Bodensee und Umgebung<\/li>\n            <li><strong>Aktualit\u00e4t:<\/strong> \u00e4lter als 1 Jahr<\/li>\n\t\t\t<\/ul>\n            <a title=\"Kostenlos anmelden\" href=\"https:\/\/www.sie-sucht-sie.de\/?AID=magazin\"><img decoding=\"async\" width=\"468px\" height=\"60px\" alt=\"Frauen kennenlernen\" src=\"https:\/\/www.sie-sucht-sie.de\/magazin\/wp-content\/uploads\/2020\/03\/sie-sucht-sie-468x60-1.gif\"\/><\/a><br\/>\n<h2>Kontaktanzeige<\/h2>\n<p>Ich suche nicht gerne &#x1f642; aber w\u00fcrde gerne neue Leute kennenlernen und eventuell entsteht ja mehr &#x1f609;<br \/>\nIch bin aus der Schweiz optimal w\u00e4re wenn du aus dem Raum Bodensee w\u00e4rst oder sogar selbst aus der Schweiz bist Hauptsache grenzn\u00e4he &#x1f609;<br \/>\nIch bin bald 29 ig mobil tierlieb und viel unterwegs Langeweile ist gar nicht mein Ding. Habe Tattoos bin raucherin 1.80 gross kurze braune haare und blaue Augen bin mehr der maskuline Typ<br \/>\nWie du sein solltest da hab ich kein Bild von sei du selbst und spontan &#x1f609; freue mich \u00fcber jeden like oder Nachricht melde mich dann sofort bei dir.<\/p>\n<p><a class=\"btn btn-default\" href=\"https:\/\/www.facebook.com\/siesuchtsiede\/posts\/492867847711583\" rel=\"nofollow\">Beitrag kommentieren<\/a><\/p>\n","protected":false},"excerpt":{"rendered":"<p>Kontaktanzeige Ich suche nicht gerne &#x1f642; aber w\u00fcrde gerne neue Leute kennenlernen und eventuell entsteht ja mehr &#x1f609; Ich bin aus der Schweiz optimal w\u00e4re wenn du aus dem Raum<\/p>\n","protected":false},"author":1,"featured_media":1754,"comment_status":"closed","ping_status":"open","sticky":false,"template":"","format":"standard","meta":{"ngg_post_thumbnail":0,"footnotes":""},"categories":[13],"tags":[160],"class_list":["post-1120","post","type-post","status-publish","format-standard","has-post-thumbnail","hentry","category-kontaktanzeigen","tag-kontaktanzeigen-schweiz","comments-off"],"aioseo_notices":[],"_links":{"self":[{"href":"https:\/\/www.sie-sucht-sie.de\/magazin\/wp-json\/wp\/v2\/posts\/1120","targetHints":{"allow":["GET"]}}],"collection":[{"href":"https:\/\/www.sie-sucht-sie.de\/magazin\/wp-json\/wp\/v2\/posts"}],"about":[{"href":"https:\/\/www.sie-sucht-sie.de\/magazin\/wp-json\/wp\/v2\/types\/post"}],"author":[{"embeddable":true,"href":"https:\/\/www.sie-sucht-sie.de\/magazin\/wp-json\/wp\/v2\/users\/1"}],"replies":[{"embeddable":true,"href":"https:\/\/www.sie-sucht-sie.de\/magazin\/wp-json\/wp\/v2\/comments?post=1120"}],"version-history":[{"count":4,"href":"https:\/\/www.sie-sucht-sie.de\/magazin\/wp-json\/wp\/v2\/posts\/1120\/revisions"}],"predecessor-version":[{"id":3132,"href":"https:\/\/www.sie-sucht-sie.de\/magazin\/wp-json\/wp\/v2\/posts\/1120\/revisions\/3132"}],"wp:featuredmedia":[{"embeddable":true,"href":"https:\/\/www.sie-sucht-sie.de\/magazin\/wp-json\/wp\/v2\/media\/1754"}],"wp:attachment":[{"href":"https:\/\/www.sie-sucht-sie.de\/magazin\/wp-json\/wp\/v2\/media?parent=1120"}],"wp:term":[{"taxonomy":"category","embeddable":true,"href":"https:\/\/www.sie-sucht-sie.de\/magazin\/wp-json\/wp\/v2\/categories?post=1120"},{"taxonomy":"post_tag","embeddable":true,"href":"https:\/\/www.sie-sucht-sie.de\/magazin\/wp-json\/wp\/v2\/tags?post=1120"}],"curies":[{"name":"wp","href":"https:\/\/api.w.org\/{rel}","templated":true}]}}