{"id":1034,"date":"2017-06-16T15:16:37","date_gmt":"2017-06-16T13:16:37","guid":{"rendered":"https:\/\/www.sie-sucht-sie.de\/magazin\/?p=1034"},"modified":"2020-12-01T16:23:23","modified_gmt":"2020-12-01T15:23:23","slug":"28-jaehrige-aus-oberbayern-sucht-feminine-sie","status":"publish","type":"post","link":"https:\/\/www.sie-sucht-sie.de\/magazin\/28-jaehrige-aus-oberbayern-sucht-feminine-sie\/","title":{"rendered":"28 j\u00e4hrige aus Oberbayern sucht feminine Sie."},"content":{"rendered":"<h2>Zusammenfassung<\/h2>\n\t        <ul class=\"positiv\">\n            <li><strong>Name \/ Alter:<\/strong> Anonym (28 Jahre) <\/li>\n            <li><strong>Kurzfassung:<\/strong> 28 j\u00e4hrige aus Oberbayern sucht feminine Sie<\/li>\n            <li><strong>Ich suche in:<\/strong> Oberbayern und Umgebung<\/li>\n            <li><strong>Aktualit\u00e4t:<\/strong> \u00e4lter als 1 Jahr<\/li>\n\t\t\t<\/ul>\n            <a title=\"Kostenlos anmelden\" href=\"https:\/\/www.sie-sucht-sie.de\/?AID=magazin\"><img decoding=\"async\" width=\"468px\" height=\"60px\" alt=\"Frauen kennenlernen\" src=\"https:\/\/www.sie-sucht-sie.de\/magazin\/wp-content\/uploads\/2020\/03\/sie-sucht-sie-468x60-1.gif\"\/><\/a><br\/>\n<h2>Kontaktanzeige<\/h2>\n<p>Hi ich versuche es nochmal.<br \/>\nIch bin 28 Jahre alt und ca 1,78gro\u00df, wohne in Oberbayern und bin auf der suche nach einer feminen Sie. Du sollte  die zeit zu zweit genie\u00dft aber auch gerne mal mit freunden etwas unternimmt.<br \/>\nSinn f\u00fcr Familie haben,  aber auch mal zeit f\u00fcr dich genie\u00dfen.<br \/>\nWenn du dich angesprochen f\u00fchlst dann melde dich. Lg &#x1f60a;<\/p>\n<p><a class=\"btn btn-default\" href=\"https:\/\/www.facebook.com\/siesuchtsiede\/posts\/478729955792039\" rel=\"nofollow\">Beitrag kommentieren<\/a><\/p>\n","protected":false},"excerpt":{"rendered":"<p>Kontaktanzeige Hi ich versuche es nochmal. Ich bin 28 Jahre alt und ca 1,78gro\u00df, wohne in Oberbayern und bin auf der suche nach einer feminen Sie. Du sollte die zeit<\/p>\n","protected":false},"author":1,"featured_media":1754,"comment_status":"closed","ping_status":"open","sticky":false,"template":"","format":"standard","meta":{"ngg_post_thumbnail":0,"footnotes":""},"categories":[13],"tags":[93],"class_list":["post-1034","post","type-post","status-publish","format-standard","has-post-thumbnail","hentry","category-kontaktanzeigen","tag-kontaktanzeigen-bayern","comments-off"],"aioseo_notices":[],"_links":{"self":[{"href":"https:\/\/www.sie-sucht-sie.de\/magazin\/wp-json\/wp\/v2\/posts\/1034","targetHints":{"allow":["GET"]}}],"collection":[{"href":"https:\/\/www.sie-sucht-sie.de\/magazin\/wp-json\/wp\/v2\/posts"}],"about":[{"href":"https:\/\/www.sie-sucht-sie.de\/magazin\/wp-json\/wp\/v2\/types\/post"}],"author":[{"embeddable":true,"href":"https:\/\/www.sie-sucht-sie.de\/magazin\/wp-json\/wp\/v2\/users\/1"}],"replies":[{"embeddable":true,"href":"https:\/\/www.sie-sucht-sie.de\/magazin\/wp-json\/wp\/v2\/comments?post=1034"}],"version-history":[{"count":5,"href":"https:\/\/www.sie-sucht-sie.de\/magazin\/wp-json\/wp\/v2\/posts\/1034\/revisions"}],"predecessor-version":[{"id":2724,"href":"https:\/\/www.sie-sucht-sie.de\/magazin\/wp-json\/wp\/v2\/posts\/1034\/revisions\/2724"}],"wp:featuredmedia":[{"embeddable":true,"href":"https:\/\/www.sie-sucht-sie.de\/magazin\/wp-json\/wp\/v2\/media\/1754"}],"wp:attachment":[{"href":"https:\/\/www.sie-sucht-sie.de\/magazin\/wp-json\/wp\/v2\/media?parent=1034"}],"wp:term":[{"taxonomy":"category","embeddable":true,"href":"https:\/\/www.sie-sucht-sie.de\/magazin\/wp-json\/wp\/v2\/categories?post=1034"},{"taxonomy":"post_tag","embeddable":true,"href":"https:\/\/www.sie-sucht-sie.de\/magazin\/wp-json\/wp\/v2\/tags?post=1034"}],"curies":[{"name":"wp","href":"https:\/\/api.w.org\/{rel}","templated":true}]}}