{"id":1028,"date":"2017-06-16T15:03:33","date_gmt":"2017-06-16T13:03:33","guid":{"rendered":"https:\/\/www.sie-sucht-sie.de\/magazin\/?p=1028"},"modified":"2020-12-01T16:23:36","modified_gmt":"2020-12-01T15:23:36","slug":"jassi-23-jahre-aus-niedersachsen","status":"publish","type":"post","link":"https:\/\/www.sie-sucht-sie.de\/magazin\/jassi-23-jahre-aus-niedersachsen\/","title":{"rendered":"Jassi 23 Jahre aus Niedersachsen"},"content":{"rendered":"<h2>Zusammenfassung<\/h2>\n\t        <ul class=\"positiv\">\n            <li><strong>Name \/ Alter:<\/strong> Jassi (23 Jahre)<\/li>\n            <li><strong>Kurzfassung:<\/strong> Jassi aus Niedersachsen sucht Freundschaft oder mehr<\/li>\n            <li><strong>Ich suche in:<\/strong> Niedersachsen und Umgebung<\/li>\n            <li><strong>Aktualit\u00e4t:<\/strong> \u00e4lter als 1 Jahr<\/li>\n\t\t\t<\/ul>\n            <a title=\"Kostenlos anmelden\" href=\"https:\/\/www.sie-sucht-sie.de\/?AID=magazin\"><img decoding=\"async\" width=\"468px\" height=\"60px\" alt=\"Frauen kennenlernen\" src=\"https:\/\/www.sie-sucht-sie.de\/magazin\/wp-content\/uploads\/2020\/03\/sie-sucht-sie-468x60-1.gif\"\/><\/a><br\/>\n<h2>Kontaktanzeige<\/h2>\n<p>Hallo ihr lieben wie geht es euch? Ich bin Jassi 23 Jahre alt aus Niedersachsen. Ich suche nicht ich lass mich finden. Man wird im leben oft entt\u00e4uscht aber man steht immer wieder auf und k\u00e4mpft weiter. Ich werde auch immer weiter k\u00e4mpfen egal f\u00fcr was. Was sucht ihr den so? Sucht ihr Spa\u00df,Beziehung oder Freundschaft plus? K\u00f6nnt ja gerne ein Kommi Salaten wer Interesse hat mich kennen zu lernen ich w\u00fcrde mich dann bei euch melden.<br \/>\nAchso noch bisschen was zu mir: ich bin 158 cm gro\u00df. Bin etwas kr\u00e4ftiger gebaut. Mein Herz sitzt an der richtigen Stelle mit mir kann man Spa\u00df haben aber auch ernste Sachen bereden. Meine Hobbys sind: kochen, drau\u00dfen sein,meine Tiere und wenn ihr mehr wissen wollt lasst ein kommi da ich freue mich auf viele Kommentare. Bis dahin.<\/p>\n<p><a class=\"btn btn-default\" href=\"https:\/\/www.facebook.com\/siesuchtsiede\/posts\/478726439125724\" rel=\"nofollow\">Beitrag kommentieren<\/a><\/p>\n","protected":false},"excerpt":{"rendered":"<p>Kontaktanzeige Hallo ihr lieben wie geht es euch? Ich bin Jassi 23 Jahre alt aus Niedersachsen. Ich suche nicht ich lass mich finden. Man wird im leben oft entt\u00e4uscht aber<\/p>\n","protected":false},"author":1,"featured_media":1754,"comment_status":"closed","ping_status":"open","sticky":false,"template":"","format":"standard","meta":{"ngg_post_thumbnail":0,"footnotes":""},"categories":[13],"tags":[88],"class_list":["post-1028","post","type-post","status-publish","format-standard","has-post-thumbnail","hentry","category-kontaktanzeigen","tag-kontaktanzeigen-niedersachsen","comments-off"],"aioseo_notices":[],"_links":{"self":[{"href":"https:\/\/www.sie-sucht-sie.de\/magazin\/wp-json\/wp\/v2\/posts\/1028","targetHints":{"allow":["GET"]}}],"collection":[{"href":"https:\/\/www.sie-sucht-sie.de\/magazin\/wp-json\/wp\/v2\/posts"}],"about":[{"href":"https:\/\/www.sie-sucht-sie.de\/magazin\/wp-json\/wp\/v2\/types\/post"}],"author":[{"embeddable":true,"href":"https:\/\/www.sie-sucht-sie.de\/magazin\/wp-json\/wp\/v2\/users\/1"}],"replies":[{"embeddable":true,"href":"https:\/\/www.sie-sucht-sie.de\/magazin\/wp-json\/wp\/v2\/comments?post=1028"}],"version-history":[{"count":4,"href":"https:\/\/www.sie-sucht-sie.de\/magazin\/wp-json\/wp\/v2\/posts\/1028\/revisions"}],"predecessor-version":[{"id":3169,"href":"https:\/\/www.sie-sucht-sie.de\/magazin\/wp-json\/wp\/v2\/posts\/1028\/revisions\/3169"}],"wp:featuredmedia":[{"embeddable":true,"href":"https:\/\/www.sie-sucht-sie.de\/magazin\/wp-json\/wp\/v2\/media\/1754"}],"wp:attachment":[{"href":"https:\/\/www.sie-sucht-sie.de\/magazin\/wp-json\/wp\/v2\/media?parent=1028"}],"wp:term":[{"taxonomy":"category","embeddable":true,"href":"https:\/\/www.sie-sucht-sie.de\/magazin\/wp-json\/wp\/v2\/categories?post=1028"},{"taxonomy":"post_tag","embeddable":true,"href":"https:\/\/www.sie-sucht-sie.de\/magazin\/wp-json\/wp\/v2\/tags?post=1028"}],"curies":[{"name":"wp","href":"https:\/\/api.w.org\/{rel}","templated":true}]}}